{"id":6050,"date":"2016-10-10T16:47:24","date_gmt":"2016-10-10T16:47:24","guid":{"rendered":"https:\/\/lamolineuvoise.fr\/Blog\/?p=6050"},"modified":"2025-01-03T18:50:57","modified_gmt":"2025-01-03T18:50:57","slug":"de-pleneuf-a-hillion-par-le-gr-34-et-lile-de-brehat","status":"publish","type":"post","link":"https:\/\/lamolineuvoise.fr\/blog\/de-pleneuf-a-hillion-par-le-gr-34-et-lile-de-brehat\/","title":{"rendered":"De Pl\u00e9neuf \u00e0 Hillion par le GR.34 et l&rsquo;\u00eele de Br\u00e9hat"},"content":{"rendered":"\t\t<div data-elementor-type=\"wp-post\" data-elementor-id=\"6050\" class=\"elementor elementor-6050\">\n\t\t\t\t<div class=\"elementor-element elementor-element-555802f e-flex e-con-boxed e-con e-parent\" data-id=\"555802f\" data-element_type=\"container\" data-e-type=\"container\">\n\t\t\t\t\t<div class=\"e-con-inner\">\n\t\t\t\t<div class=\"elementor-element elementor-element-b0aa82a elementor-widget elementor-widget-text-editor\" data-id=\"b0aa82a\" data-element_type=\"widget\" data-e-type=\"widget\" data-widget_type=\"text-editor.default\">\n\t\t\t\t<div class=\"elementor-widget-container\">\n\t\t\t\t\t\t\t\t\t<p>Pour ce s\u00e9jour de randonn\u00e9e nous avons emmen\u00e9 notre groupe compos\u00e9 de 67 personnes dans les C\u00f4tes-d&rsquo;Armor \u00e0 proximit\u00e9 de Saint-Brieuc. Le s\u00e9jour s&rsquo;est d\u00e9roul\u00e9 les 1<sup>er<\/sup> et 2 octobre 2016. par un temps ensoleill\u00e9.<\/p>\t\t\t\t\t\t\t\t<\/div>\n\t\t\t\t<\/div>\n\t\t\t\t\t<\/div>\n\t\t\t\t<\/div>\n\t\t<div data-pa-eq-height=\"{&quot;targetType&quot;:&quot;widget&quot;,&quot;target&quot;:&quot;&quot;,&quot;trigger&quot;:&quot;load&quot;,&quot;enableOn&quot;:[&quot;desktop&quot;,&quot;tablet&quot;,&quot;mobile&quot;]}\" class=\"elementor-element elementor-element-6d28760 premium-equal-height-yes e-flex e-con-boxed e-con e-parent\" data-id=\"6d28760\" data-element_type=\"container\" data-e-type=\"container\" data-settings=\"{&quot;premium_eq_height_switcher&quot;:&quot;yes&quot;}\">\n\t\t\t\t\t<div class=\"e-con-inner\">\n\t\t<div data-pa-eq-height=\"{&quot;targetType&quot;:&quot;widget&quot;,&quot;target&quot;:&quot;&quot;,&quot;trigger&quot;:&quot;load&quot;,&quot;enableOn&quot;:[&quot;desktop&quot;,&quot;tablet&quot;,&quot;mobile&quot;]}\" class=\"elementor-element elementor-element-ca7fdc0 e-con-full premium-equal-height-yes e-flex e-con e-child\" data-id=\"ca7fdc0\" data-element_type=\"container\" data-e-type=\"container\" data-settings=\"{&quot;premium_eq_height_switcher&quot;:&quot;yes&quot;}\">\n\t\t\t\t<div class=\"elementor-element elementor-element-278bb75 elementor-widget elementor-widget-heading\" data-id=\"278bb75\" data-element_type=\"widget\" data-e-type=\"widget\" data-widget_type=\"heading.default\">\n\t\t\t\t<div class=\"elementor-widget-container\">\n\t\t\t\t\t<h4 class=\"elementor-heading-title elementor-size-default\">De Pl\u00e9neuf \u00e0 Hillion sur le GR.34<\/h4>\t\t\t\t<\/div>\n\t\t\t\t<\/div>\n\t\t\t\t<div class=\"elementor-element elementor-element-9f466fb elementor-widget elementor-widget-text-editor\" data-id=\"9f466fb\" data-element_type=\"widget\" data-e-type=\"widget\" data-widget_type=\"text-editor.default\">\n\t\t\t\t<div class=\"elementor-widget-container\">\n\t\t\t\t\t\t\t\t\t<p><strong>Date : <\/strong>1<sup>er<\/sup> octobre 2016<strong><br \/>Distance<\/strong> : 16 km environ<br \/><strong>D\u00e9nivel\u00e9<\/strong> :\u00a0615 m<br \/><strong>Niveau de difficult\u00e9<\/strong> :\u00a0assez\u00a0difficile<br \/><strong>Plan de la randonn\u00e9e<\/strong> : <a href=\"https:\/\/lamolineuvoise.fr\/Blog\/wp-content\/uploads\/2016\/10\/Molineuvoise_2016_J1_Rando_Pleneuf_Hillion.pdf\" target=\"_blank\" rel=\"noopener\">Lien<\/a><br \/><strong>Trace GPS<\/strong> : <a href=\"_private\/rando2J\/randonnee_2016_j1.gpx\" download=\"randonnee_2016_j1.gpx\">Lien<\/a><br \/><b>Observation<\/b>: <em>Nous avons d\u00fb r\u00e9duire le parcours, au regard du rythme de marche du groupe et de la limitation journali\u00e8re du temps de conduite de notre chauffeur de car..<\/em><\/p>\t\t\t\t\t\t\t\t<\/div>\n\t\t\t\t<\/div>\n\t\t\t\t<div class=\"elementor-element elementor-element-1f6e184 elementor-widget elementor-widget-text-editor\" data-id=\"1f6e184\" data-element_type=\"widget\" data-e-type=\"widget\" data-widget_type=\"text-editor.default\">\n\t\t\t\t<div class=\"elementor-widget-container\">\n\t\t\t\t\t\t\t\t\t<p align=\"justify\">Pour ce tron\u00e7on du GR.34,\u00a0 on circule la plupart du temps \u00e0 flanc de falaise avec\u00a0 une vue d\u00e9gag\u00e9e sur la baie de Saint-Brieuc.\u00a0<\/p>\n<p align=\"justify\">M\u00eame si nous ne sommes pas dans la partie la plus accident\u00e9e du GR.34 , ce tron\u00e7on est l&rsquo;un des plus exigeants que nous ayons parcouru entre Cancale et Perros-Guirrec.\u00a0\u00a0<\/p>\n<p align=\"justify\">Pour cette randonn\u00e9e d&rsquo;un peu moins de 16km , nous sommes partis du port de Pleneuf pour terminer \u00e0 la plage de Bon Abri (commune de Hillion). Nous avons d\u00fb raccourcir un peu la randonn\u00e9e que nous avions pr\u00e9vue et qui devait s&rsquo;achever au moins \u00e0 la plage de Bon Abri (Hillion). Si la premi\u00e8re partie de la randonn\u00e9e ne pr\u00e9sente pas de grosses difficult\u00e9s, les\u00a0 derniers kilom\u00e8tres, notamment lors du contournement de l&rsquo;anse du Gouessant, sont nettement plus physiques.<\/p>\t\t\t\t\t\t\t\t<\/div>\n\t\t\t\t<\/div>\n\t\t\t\t<div class=\"elementor-element elementor-element-c6a77bf elementor-widget elementor-widget-image\" data-id=\"c6a77bf\" data-element_type=\"widget\" data-e-type=\"widget\" data-widget_type=\"image.default\">\n\t\t\t\t<div class=\"elementor-widget-container\">\n\t\t\t\t\t\t\t\t\t\t\t\t\t\t\t<img fetchpriority=\"high\" decoding=\"async\" width=\"1024\" height=\"768\" src=\"https:\/\/lamolineuvoise.fr\/blog\/wp-content\/uploads\/2025\/01\/DSCN0576-1024x768.jpg\" class=\"attachment-large size-large wp-image-6054\" alt=\"\" srcset=\"https:\/\/lamolineuvoise.fr\/blog\/wp-content\/uploads\/2025\/01\/DSCN0576-1024x768.jpg 1024w, https:\/\/lamolineuvoise.fr\/blog\/wp-content\/uploads\/2025\/01\/DSCN0576-300x225.jpg 300w, https:\/\/lamolineuvoise.fr\/blog\/wp-content\/uploads\/2025\/01\/DSCN0576-768x576.jpg 768w, https:\/\/lamolineuvoise.fr\/blog\/wp-content\/uploads\/2025\/01\/DSCN0576-1536x1152.jpg 1536w, https:\/\/lamolineuvoise.fr\/blog\/wp-content\/uploads\/2025\/01\/DSCN0576-2048x1536.jpg 2048w\" sizes=\"(max-width: 1024px) 100vw, 1024px\" \/>\t\t\t\t\t\t\t\t\t\t\t\t\t\t\t<\/div>\n\t\t\t\t<\/div>\n\t\t\t\t<div class=\"elementor-element elementor-element-06eb0ae elementor-widget elementor-widget-image\" data-id=\"06eb0ae\" data-element_type=\"widget\" data-e-type=\"widget\" data-widget_type=\"image.default\">\n\t\t\t\t<div class=\"elementor-widget-container\">\n\t\t\t\t\t\t\t\t\t\t\t\t\t\t\t<img decoding=\"async\" width=\"1024\" height=\"768\" src=\"https:\/\/lamolineuvoise.fr\/blog\/wp-content\/uploads\/2025\/01\/DSCN0551-1024x768.jpg\" class=\"attachment-large size-large wp-image-6053\" alt=\"\" srcset=\"https:\/\/lamolineuvoise.fr\/blog\/wp-content\/uploads\/2025\/01\/DSCN0551-1024x768.jpg 1024w, https:\/\/lamolineuvoise.fr\/blog\/wp-content\/uploads\/2025\/01\/DSCN0551-300x225.jpg 300w, https:\/\/lamolineuvoise.fr\/blog\/wp-content\/uploads\/2025\/01\/DSCN0551-768x576.jpg 768w, https:\/\/lamolineuvoise.fr\/blog\/wp-content\/uploads\/2025\/01\/DSCN0551-1536x1152.jpg 1536w, https:\/\/lamolineuvoise.fr\/blog\/wp-content\/uploads\/2025\/01\/DSCN0551-2048x1536.jpg 2048w\" sizes=\"(max-width: 1024px) 100vw, 1024px\" \/>\t\t\t\t\t\t\t\t\t\t\t\t\t\t\t<\/div>\n\t\t\t\t<\/div>\n\t\t\t\t<\/div>\n\t\t<div class=\"elementor-element elementor-element-a766595 e-con-full e-flex e-con e-child\" data-id=\"a766595\" data-element_type=\"container\" data-e-type=\"container\">\n\t\t\t\t<div class=\"elementor-element elementor-element-7d3b560 elementor-widget elementor-widget-image\" data-id=\"7d3b560\" data-element_type=\"widget\" data-e-type=\"widget\" data-widget_type=\"image.default\">\n\t\t\t\t<div class=\"elementor-widget-container\">\n\t\t\t\t\t\t\t\t\t\t\t\t\t\t\t<img decoding=\"async\" width=\"1024\" height=\"768\" src=\"https:\/\/lamolineuvoise.fr\/blog\/wp-content\/uploads\/2025\/01\/DSCF2274-1024x768.jpg\" class=\"attachment-large size-large wp-image-6052\" alt=\"\" srcset=\"https:\/\/lamolineuvoise.fr\/blog\/wp-content\/uploads\/2025\/01\/DSCF2274-1024x768.jpg 1024w, https:\/\/lamolineuvoise.fr\/blog\/wp-content\/uploads\/2025\/01\/DSCF2274-300x225.jpg 300w, https:\/\/lamolineuvoise.fr\/blog\/wp-content\/uploads\/2025\/01\/DSCF2274-768x576.jpg 768w, https:\/\/lamolineuvoise.fr\/blog\/wp-content\/uploads\/2025\/01\/DSCF2274-1536x1152.jpg 1536w, https:\/\/lamolineuvoise.fr\/blog\/wp-content\/uploads\/2025\/01\/DSCF2274-2048x1536.jpg 2048w\" sizes=\"(max-width: 1024px) 100vw, 1024px\" \/>\t\t\t\t\t\t\t\t\t\t\t\t\t\t\t<\/div>\n\t\t\t\t<\/div>\n\t\t\t\t<div class=\"elementor-element elementor-element-d5f233f elementor-widget elementor-widget-image\" data-id=\"d5f233f\" data-element_type=\"widget\" data-e-type=\"widget\" data-widget_type=\"image.default\">\n\t\t\t\t<div class=\"elementor-widget-container\">\n\t\t\t\t\t\t\t\t\t\t\t\t\t\t\t<img loading=\"lazy\" decoding=\"async\" width=\"1024\" height=\"768\" src=\"https:\/\/lamolineuvoise.fr\/blog\/wp-content\/uploads\/2025\/01\/DSCF2278-1024x768.jpg\" class=\"attachment-large size-large wp-image-6059\" alt=\"\" srcset=\"https:\/\/lamolineuvoise.fr\/blog\/wp-content\/uploads\/2025\/01\/DSCF2278-1024x768.jpg 1024w, https:\/\/lamolineuvoise.fr\/blog\/wp-content\/uploads\/2025\/01\/DSCF2278-300x225.jpg 300w, https:\/\/lamolineuvoise.fr\/blog\/wp-content\/uploads\/2025\/01\/DSCF2278-768x576.jpg 768w, https:\/\/lamolineuvoise.fr\/blog\/wp-content\/uploads\/2025\/01\/DSCF2278-1536x1152.jpg 1536w, https:\/\/lamolineuvoise.fr\/blog\/wp-content\/uploads\/2025\/01\/DSCF2278-2048x1536.jpg 2048w\" sizes=\"(max-width: 1024px) 100vw, 1024px\" \/>\t\t\t\t\t\t\t\t\t\t\t\t\t\t\t<\/div>\n\t\t\t\t<\/div>\n\t\t\t\t<div class=\"elementor-element elementor-element-0753ef7 elementor-widget elementor-widget-image\" data-id=\"0753ef7\" data-element_type=\"widget\" data-e-type=\"widget\" data-widget_type=\"image.default\">\n\t\t\t\t<div class=\"elementor-widget-container\">\n\t\t\t\t\t\t\t\t\t\t\t\t\t\t\t<img loading=\"lazy\" decoding=\"async\" width=\"1024\" height=\"768\" src=\"https:\/\/lamolineuvoise.fr\/blog\/wp-content\/uploads\/2025\/01\/DSCN0562-1024x768.jpg\" class=\"attachment-large size-large wp-image-6061\" alt=\"\" srcset=\"https:\/\/lamolineuvoise.fr\/blog\/wp-content\/uploads\/2025\/01\/DSCN0562-1024x768.jpg 1024w, https:\/\/lamolineuvoise.fr\/blog\/wp-content\/uploads\/2025\/01\/DSCN0562-300x225.jpg 300w, https:\/\/lamolineuvoise.fr\/blog\/wp-content\/uploads\/2025\/01\/DSCN0562-768x576.jpg 768w, https:\/\/lamolineuvoise.fr\/blog\/wp-content\/uploads\/2025\/01\/DSCN0562-1536x1152.jpg 1536w, https:\/\/lamolineuvoise.fr\/blog\/wp-content\/uploads\/2025\/01\/DSCN0562-2048x1536.jpg 2048w\" sizes=\"(max-width: 1024px) 100vw, 1024px\" \/>\t\t\t\t\t\t\t\t\t\t\t\t\t\t\t<\/div>\n\t\t\t\t<\/div>\n\t\t\t\t<div class=\"elementor-element elementor-element-9be6105 elementor-widget elementor-widget-image\" data-id=\"9be6105\" data-element_type=\"widget\" data-e-type=\"widget\" data-widget_type=\"image.default\">\n\t\t\t\t<div class=\"elementor-widget-container\">\n\t\t\t\t\t\t\t\t\t\t\t\t\t\t\t<img loading=\"lazy\" decoding=\"async\" width=\"1024\" height=\"768\" src=\"https:\/\/lamolineuvoise.fr\/blog\/wp-content\/uploads\/2025\/01\/DSCN0582-1024x768.jpg\" class=\"attachment-large size-large wp-image-6057\" alt=\"\" srcset=\"https:\/\/lamolineuvoise.fr\/blog\/wp-content\/uploads\/2025\/01\/DSCN0582-1024x768.jpg 1024w, https:\/\/lamolineuvoise.fr\/blog\/wp-content\/uploads\/2025\/01\/DSCN0582-300x225.jpg 300w, https:\/\/lamolineuvoise.fr\/blog\/wp-content\/uploads\/2025\/01\/DSCN0582-768x576.jpg 768w, https:\/\/lamolineuvoise.fr\/blog\/wp-content\/uploads\/2025\/01\/DSCN0582-1536x1152.jpg 1536w, https:\/\/lamolineuvoise.fr\/blog\/wp-content\/uploads\/2025\/01\/DSCN0582-2048x1536.jpg 2048w\" sizes=\"(max-width: 1024px) 100vw, 1024px\" \/>\t\t\t\t\t\t\t\t\t\t\t\t\t\t\t<\/div>\n\t\t\t\t<\/div>\n\t\t\t\t<div class=\"elementor-element elementor-element-029bf78 elementor-widget elementor-widget-image\" data-id=\"029bf78\" data-element_type=\"widget\" data-e-type=\"widget\" data-widget_type=\"image.default\">\n\t\t\t\t<div class=\"elementor-widget-container\">\n\t\t\t\t\t\t\t\t\t\t\t\t\t\t\t<img loading=\"lazy\" decoding=\"async\" width=\"1024\" height=\"768\" src=\"https:\/\/lamolineuvoise.fr\/blog\/wp-content\/uploads\/2025\/01\/IMGP0065-1024x768.jpg\" class=\"attachment-large size-large wp-image-6058\" alt=\"\" srcset=\"https:\/\/lamolineuvoise.fr\/blog\/wp-content\/uploads\/2025\/01\/IMGP0065-1024x768.jpg 1024w, https:\/\/lamolineuvoise.fr\/blog\/wp-content\/uploads\/2025\/01\/IMGP0065-300x225.jpg 300w, https:\/\/lamolineuvoise.fr\/blog\/wp-content\/uploads\/2025\/01\/IMGP0065-768x576.jpg 768w, https:\/\/lamolineuvoise.fr\/blog\/wp-content\/uploads\/2025\/01\/IMGP0065-1536x1152.jpg 1536w, https:\/\/lamolineuvoise.fr\/blog\/wp-content\/uploads\/2025\/01\/IMGP0065-2048x1536.jpg 2048w\" sizes=\"(max-width: 1024px) 100vw, 1024px\" \/>\t\t\t\t\t\t\t\t\t\t\t\t\t\t\t<\/div>\n\t\t\t\t<\/div>\n\t\t\t\t<\/div>\n\t\t\t\t\t<\/div>\n\t\t\t\t<\/div>\n\t\t<div class=\"elementor-element elementor-element-87ac2df e-flex e-con-boxed e-con e-parent\" data-id=\"87ac2df\" data-element_type=\"container\" data-e-type=\"container\">\n\t\t\t\t\t<div class=\"e-con-inner\">\n\t\t<div class=\"elementor-element elementor-element-7efdc42 e-con-full e-flex e-con e-child\" data-id=\"7efdc42\" data-element_type=\"container\" data-e-type=\"container\">\n\t\t\t\t<div class=\"elementor-element elementor-element-13458b7 elementor-widget elementor-widget-text-editor\" data-id=\"13458b7\" data-element_type=\"widget\" data-e-type=\"widget\" data-widget_type=\"text-editor.default\">\n\t\t\t\t<div class=\"elementor-widget-container\">\n\t\t\t\t\t\t\t\t\t<p>Il est \u00e0 signaler que lors de la reconnaissance nous avions termin\u00e9 la randonn\u00e9e en traversant \u00e0 mar\u00e9e basse l&rsquo;anse de Morieux, large de 2km&#8230;.tout simplement sublime! Toutefois, cette travers\u00e9e n&rsquo;est pas recommand\u00e9e car il existe en amont une retenue d&rsquo;eau sur la rivi\u00e8re de Gouessant susceptible de faire de lachures dans la baie o\u00f9 ce j\u00e8te la rivi\u00e8re. Nous avons pu le faire car nous \u00e9tions peu nombreux et que nous avons pris toutes les pr\u00e9cautions n\u00e9cessaires. Il est \u00e9vident qu&rsquo;avec un groupe de 67 personnes, ce n&rsquo;\u00e9tait pas envisageable.<\/p>\t\t\t\t\t\t\t\t<\/div>\n\t\t\t\t<\/div>\n\t\t\t\t<\/div>\n\t\t<div class=\"elementor-element elementor-element-0bcab5f e-con-full e-flex e-con e-child\" data-id=\"0bcab5f\" data-element_type=\"container\" data-e-type=\"container\">\n\t\t\t\t<div class=\"elementor-element elementor-element-26b5865 elementor-widget elementor-widget-image\" data-id=\"26b5865\" data-element_type=\"widget\" data-e-type=\"widget\" data-widget_type=\"image.default\">\n\t\t\t\t<div class=\"elementor-widget-container\">\n\t\t\t\t\t\t\t\t\t\t\t\t\t\t\t<img loading=\"lazy\" decoding=\"async\" width=\"1024\" height=\"576\" src=\"https:\/\/lamolineuvoise.fr\/blog\/wp-content\/uploads\/2025\/01\/SAM_4775-1024x576.jpg\" class=\"attachment-large size-large wp-image-6055\" alt=\"\" srcset=\"https:\/\/lamolineuvoise.fr\/blog\/wp-content\/uploads\/2025\/01\/SAM_4775-1024x576.jpg 1024w, https:\/\/lamolineuvoise.fr\/blog\/wp-content\/uploads\/2025\/01\/SAM_4775-300x169.jpg 300w, https:\/\/lamolineuvoise.fr\/blog\/wp-content\/uploads\/2025\/01\/SAM_4775-768x432.jpg 768w, https:\/\/lamolineuvoise.fr\/blog\/wp-content\/uploads\/2025\/01\/SAM_4775-1536x864.jpg 1536w, https:\/\/lamolineuvoise.fr\/blog\/wp-content\/uploads\/2025\/01\/SAM_4775.jpg 1920w\" sizes=\"(max-width: 1024px) 100vw, 1024px\" \/>\t\t\t\t\t\t\t\t\t\t\t\t\t\t\t<\/div>\n\t\t\t\t<\/div>\n\t\t\t\t<\/div>\n\t\t\t\t\t<\/div>\n\t\t\t\t<\/div>\n\t\t<div class=\"elementor-element elementor-element-d3b99a3 e-flex e-con-boxed e-con e-parent\" data-id=\"d3b99a3\" data-element_type=\"container\" data-e-type=\"container\">\n\t\t\t\t\t<div class=\"e-con-inner\">\n\t\t\t\t<div class=\"elementor-element elementor-element-037f6d2 elementor-widget-divider--view-line elementor-widget elementor-widget-divider\" data-id=\"037f6d2\" data-element_type=\"widget\" data-e-type=\"widget\" data-widget_type=\"divider.default\">\n\t\t\t\t<div class=\"elementor-widget-container\">\n\t\t\t\t\t\t\t<div class=\"elementor-divider\">\n\t\t\t<span class=\"elementor-divider-separator\">\n\t\t\t\t\t\t<\/span>\n\t\t<\/div>\n\t\t\t\t\t\t<\/div>\n\t\t\t\t<\/div>\n\t\t\t\t\t<\/div>\n\t\t\t\t<\/div>\n\t\t<div class=\"elementor-element elementor-element-7837103 e-flex e-con-boxed e-con e-parent\" data-id=\"7837103\" data-element_type=\"container\" data-e-type=\"container\">\n\t\t\t\t\t<div class=\"e-con-inner\">\n\t\t<div class=\"elementor-element elementor-element-9903592 e-con-full e-flex e-con e-child\" data-id=\"9903592\" data-element_type=\"container\" data-e-type=\"container\">\n\t\t<div data-pa-eq-height=\"{&quot;targetType&quot;:&quot;widget&quot;,&quot;target&quot;:&quot;&quot;,&quot;trigger&quot;:&quot;load&quot;,&quot;enableOn&quot;:[&quot;desktop&quot;,&quot;tablet&quot;,&quot;mobile&quot;]}\" class=\"elementor-element elementor-element-3c5f2e4 e-con-full premium-equal-height-yes e-flex e-con e-child\" data-id=\"3c5f2e4\" data-element_type=\"container\" data-e-type=\"container\" data-settings=\"{&quot;premium_eq_height_switcher&quot;:&quot;yes&quot;}\">\n\t\t\t\t<div class=\"elementor-element elementor-element-b153262 elementor-widget elementor-widget-heading\" data-id=\"b153262\" data-element_type=\"widget\" data-e-type=\"widget\" data-widget_type=\"heading.default\">\n\t\t\t\t<div class=\"elementor-widget-container\">\n\t\t\t\t\t<h4 class=\"elementor-heading-title elementor-size-default\">Tour de l'\u00eele de Br\u00e9hat<\/h4>\t\t\t\t<\/div>\n\t\t\t\t<\/div>\n\t\t\t\t<div class=\"elementor-element elementor-element-c23f249 elementor-widget elementor-widget-text-editor\" data-id=\"c23f249\" data-element_type=\"widget\" data-e-type=\"widget\" data-widget_type=\"text-editor.default\">\n\t\t\t\t<div class=\"elementor-widget-container\">\n\t\t\t\t\t\t\t\t\t<p><strong>Date : <\/strong>2\u00a0octobre 2016<strong><br \/>Distance<\/strong> : 14 km <br \/>D\u00e9nivel\u00e9 : 138m<br \/><strong>Niveau de difficult\u00e9<\/strong> : facile<br \/><strong>Plan de la randonn\u00e9e<\/strong> : <a href=\"http:\/\/D:\\Molineuvoise\\Rando2J\\Rando2J_2016\\_Plans\\Rando2J_2016_J2\" target=\"_blank\" rel=\"noopener\">Lien<\/a><br \/><strong>Trace GPS<\/strong> : <a href=\"_private\/rando2J\/randonnee_2016_j2.gpx\" download=\"randonnee_2016_j2.gpx\">Lien<\/a><\/p>\t\t\t\t\t\t\t\t<\/div>\n\t\t\t\t<\/div>\n\t\t\t\t<div class=\"elementor-element elementor-element-6204fa2 elementor-widget elementor-widget-text-editor\" data-id=\"6204fa2\" data-element_type=\"widget\" data-e-type=\"widget\" data-widget_type=\"text-editor.default\">\n\t\t\t\t<div class=\"elementor-widget-container\">\n\t\t\t\t\t\t\t\t\t<p align=\"justify\">Bien que nous nous soyons d\u00e9j\u00e0 rendus sur l&rsquo;\u00eele de Br\u00e9hat en 2011, il nous restait plein de petits sentiers \u00e0 faire d\u00e9couvrir \u00e0 nos amis randonneurs. Et puis, Br\u00e9hat, c&rsquo;est tellement beau qu&rsquo;on ne peut s&rsquo;en lasser. Pour cette randonn\u00e9e, nous avons fait le tour complet de l&rsquo;\u00eele en partant par la c\u00f4te Est. Apr\u00e8s une halte \u00e0 la chapelle Saint-Michel , on se dirige vers le phare du paon \u00e0 l&rsquo;extr\u00e9mit\u00e9 nord de l&rsquo;\u00eele. On revient en longeant la c\u00f4te ouest de la partie nord de l&rsquo;\u00eele. On d\u00e9couvre sur le chemin du retour le c\u00e9l\u00e8bre moulin \u00e0 mar\u00e9e de Birlot avant de rejoindre l&#8217;embarcad\u00e8re.<\/p>\t\t\t\t\t\t\t\t<\/div>\n\t\t\t\t<\/div>\n\t\t\t\t<\/div>\n\t\t<div class=\"elementor-element elementor-element-c35654c e-con-full e-flex e-con e-child\" data-id=\"c35654c\" data-element_type=\"container\" data-e-type=\"container\">\n\t\t\t\t<div class=\"elementor-element elementor-element-d17470e elementor-widget elementor-widget-image\" data-id=\"d17470e\" data-element_type=\"widget\" data-e-type=\"widget\" data-widget_type=\"image.default\">\n\t\t\t\t<div class=\"elementor-widget-container\">\n\t\t\t\t\t\t\t\t\t\t\t\t\t\t\t<img loading=\"lazy\" decoding=\"async\" width=\"1024\" height=\"768\" src=\"https:\/\/lamolineuvoise.fr\/blog\/wp-content\/uploads\/2016\/10\/DSCN0613-1024x768.jpg\" class=\"attachment-large size-large wp-image-6083\" alt=\"\" srcset=\"https:\/\/lamolineuvoise.fr\/blog\/wp-content\/uploads\/2016\/10\/DSCN0613-1024x768.jpg 1024w, https:\/\/lamolineuvoise.fr\/blog\/wp-content\/uploads\/2016\/10\/DSCN0613-300x225.jpg 300w, https:\/\/lamolineuvoise.fr\/blog\/wp-content\/uploads\/2016\/10\/DSCN0613-768x576.jpg 768w, https:\/\/lamolineuvoise.fr\/blog\/wp-content\/uploads\/2016\/10\/DSCN0613-1536x1152.jpg 1536w, https:\/\/lamolineuvoise.fr\/blog\/wp-content\/uploads\/2016\/10\/DSCN0613-2048x1536.jpg 2048w\" sizes=\"(max-width: 1024px) 100vw, 1024px\" \/>\t\t\t\t\t\t\t\t\t\t\t\t\t\t\t<\/div>\n\t\t\t\t<\/div>\n\t\t\t\t<div class=\"elementor-element elementor-element-970d770 elementor-widget elementor-widget-image\" data-id=\"970d770\" data-element_type=\"widget\" data-e-type=\"widget\" data-widget_type=\"image.default\">\n\t\t\t\t<div class=\"elementor-widget-container\">\n\t\t\t\t\t\t\t\t\t\t\t\t\t\t\t<img loading=\"lazy\" decoding=\"async\" width=\"1024\" height=\"768\" src=\"https:\/\/lamolineuvoise.fr\/blog\/wp-content\/uploads\/2016\/10\/IMGP0154-1024x768.jpg\" class=\"attachment-large size-large wp-image-6085\" alt=\"\" srcset=\"https:\/\/lamolineuvoise.fr\/blog\/wp-content\/uploads\/2016\/10\/IMGP0154-1024x768.jpg 1024w, https:\/\/lamolineuvoise.fr\/blog\/wp-content\/uploads\/2016\/10\/IMGP0154-300x225.jpg 300w, https:\/\/lamolineuvoise.fr\/blog\/wp-content\/uploads\/2016\/10\/IMGP0154-768x576.jpg 768w, https:\/\/lamolineuvoise.fr\/blog\/wp-content\/uploads\/2016\/10\/IMGP0154-1536x1152.jpg 1536w, https:\/\/lamolineuvoise.fr\/blog\/wp-content\/uploads\/2016\/10\/IMGP0154-2048x1536.jpg 2048w\" sizes=\"(max-width: 1024px) 100vw, 1024px\" \/>\t\t\t\t\t\t\t\t\t\t\t\t\t\t\t<\/div>\n\t\t\t\t<\/div>\n\t\t\t\t<\/div>\n\t\t\t\t<\/div>\n\t\t\t\t\t<\/div>\n\t\t\t\t<\/div>\n\t\t\t\t<\/div>\n\t\t","protected":false},"excerpt":{"rendered":"<p>Pour ce s\u00e9jour de randonn\u00e9e nous avons emmen\u00e9 notre groupe compos\u00e9 de 67 personnes dans les C\u00f4tes-d&rsquo;Armor \u00e0 proximit\u00e9 de Saint-Brieuc. Le s\u00e9jour s&rsquo;est d\u00e9roul\u00e9 les 1er et 2 octobre [&hellip;]<\/p>\n","protected":false},"author":3,"featured_media":6061,"comment_status":"closed","ping_status":"open","sticky":false,"template":"","format":"standard","meta":{"om_disable_all_campaigns":false,"_uag_custom_page_level_css":"","site-sidebar-layout":"default","site-content-layout":"","ast-site-content-layout":"default","site-content-style":"default","site-sidebar-style":"default","ast-global-header-display":"","ast-banner-title-visibility":"","ast-main-header-display":"","ast-hfb-above-header-display":"","ast-hfb-below-header-display":"","ast-hfb-mobile-header-display":"","site-post-title":"","ast-breadcrumbs-content":"","ast-featured-img":"","footer-sml-layout":"","ast-disable-related-posts":"","theme-transparent-header-meta":"","adv-header-id-meta":"","stick-header-meta":"","header-above-stick-meta":"","header-main-stick-meta":"","header-below-stick-meta":"","astra-migrate-meta-layouts":"default","ast-page-background-enabled":"default","ast-page-background-meta":{"desktop":{"background-color":"var(--ast-global-color-5)","background-image":"","background-repeat":"repeat","background-position":"center center","background-size":"auto","background-attachment":"scroll","background-type":"","background-media":"","overlay-type":"","overlay-color":"","overlay-opacity":"","overlay-gradient":""},"tablet":{"background-color":"","background-image":"","background-repeat":"repeat","background-position":"center center","background-size":"auto","background-attachment":"scroll","background-type":"","background-media":"","overlay-type":"","overlay-color":"","overlay-opacity":"","overlay-gradient":""},"mobile":{"background-color":"","background-image":"","background-repeat":"repeat","background-position":"center center","background-size":"auto","background-attachment":"scroll","background-type":"","background-media":"","overlay-type":"","overlay-color":"","overlay-opacity":"","overlay-gradient":""}},"ast-content-background-meta":{"desktop":{"background-color":"var(--ast-global-color-4)","background-image":"","background-repeat":"repeat","background-position":"center center","background-size":"auto","background-attachment":"scroll","background-type":"","background-media":"","overlay-type":"","overlay-color":"","overlay-opacity":"","overlay-gradient":""},"tablet":{"background-color":"var(--ast-global-color-4)","background-image":"","background-repeat":"repeat","background-position":"center center","background-size":"auto","background-attachment":"scroll","background-type":"","background-media":"","overlay-type":"","overlay-color":"","overlay-opacity":"","overlay-gradient":""},"mobile":{"background-color":"var(--ast-global-color-4)","background-image":"","background-repeat":"repeat","background-position":"center center","background-size":"auto","background-attachment":"scroll","background-type":"","background-media":"","overlay-type":"","overlay-color":"","overlay-opacity":"","overlay-gradient":""}},"ngg_post_thumbnail":0,"_EventAllDay":false,"_EventTimezone":"","_EventStartDate":"","_EventEndDate":"","_EventStartDateUTC":"","_EventEndDateUTC":"","_EventShowMap":false,"_EventShowMapLink":false,"_EventURL":"","_EventCost":"","_EventCostDescription":"","_EventCurrencySymbol":"","_EventCurrencyCode":"","_EventCurrencyPosition":"","_EventDateTimeSeparator":"","_EventTimeRangeSeparator":"","_EventOrganizerID":[],"_EventVenueID":[],"_OrganizerEmail":"","_OrganizerPhone":"","_OrganizerWebsite":"","_VenueAddress":"","_VenueCity":"","_VenueCountry":"","_VenueProvince":"","_VenueState":"","_VenueZip":"","_VenuePhone":"","_VenueURL":"","_VenueStateProvince":"","_VenueLat":"","_VenueLng":"","_VenueShowMap":false,"_VenueShowMapLink":false,"footnotes":""},"categories":[48],"tags":[],"class_list":["post-6050","post","type-post","status-publish","format-standard","has-post-thumbnail","hentry","category-rando2j"],"uagb_featured_image_src":{"full":["https:\/\/lamolineuvoise.fr\/blog\/wp-content\/uploads\/2025\/01\/DSCN0562-scaled.jpg",2560,1920,false],"thumbnail":["https:\/\/lamolineuvoise.fr\/blog\/wp-content\/uploads\/2025\/01\/DSCN0562-150x150.jpg",150,150,true],"medium":["https:\/\/lamolineuvoise.fr\/blog\/wp-content\/uploads\/2025\/01\/DSCN0562-300x225.jpg",300,225,true],"medium_large":["https:\/\/lamolineuvoise.fr\/blog\/wp-content\/uploads\/2025\/01\/DSCN0562-768x576.jpg",768,576,true],"large":["https:\/\/lamolineuvoise.fr\/blog\/wp-content\/uploads\/2025\/01\/DSCN0562-1024x768.jpg",1024,768,true],"1536x1536":["https:\/\/lamolineuvoise.fr\/blog\/wp-content\/uploads\/2025\/01\/DSCN0562-1536x1152.jpg",1536,1152,true],"2048x2048":["https:\/\/lamolineuvoise.fr\/blog\/wp-content\/uploads\/2025\/01\/DSCN0562-2048x1536.jpg",2048,1536,true]},"uagb_author_info":{"display_name":"LA MOLINEUVOISE","author_link":"https:\/\/lamolineuvoise.fr\/blog\/author\/a_2meen\/"},"uagb_comment_info":0,"uagb_excerpt":"Pour ce s\u00e9jour de randonn\u00e9e nous avons emmen\u00e9 notre groupe compos\u00e9 de 67 personnes dans les C\u00f4tes-d&rsquo;Armor \u00e0 proximit\u00e9 de Saint-Brieuc. Le s\u00e9jour s&rsquo;est d\u00e9roul\u00e9 les 1er et 2 octobre [&hellip;]","_links":{"self":[{"href":"https:\/\/lamolineuvoise.fr\/blog\/wp-json\/wp\/v2\/posts\/6050","targetHints":{"allow":["GET"]}}],"collection":[{"href":"https:\/\/lamolineuvoise.fr\/blog\/wp-json\/wp\/v2\/posts"}],"about":[{"href":"https:\/\/lamolineuvoise.fr\/blog\/wp-json\/wp\/v2\/types\/post"}],"author":[{"embeddable":true,"href":"https:\/\/lamolineuvoise.fr\/blog\/wp-json\/wp\/v2\/users\/3"}],"replies":[{"embeddable":true,"href":"https:\/\/lamolineuvoise.fr\/blog\/wp-json\/wp\/v2\/comments?post=6050"}],"version-history":[{"count":51,"href":"https:\/\/lamolineuvoise.fr\/blog\/wp-json\/wp\/v2\/posts\/6050\/revisions"}],"predecessor-version":[{"id":6125,"href":"https:\/\/lamolineuvoise.fr\/blog\/wp-json\/wp\/v2\/posts\/6050\/revisions\/6125"}],"wp:featuredmedia":[{"embeddable":true,"href":"https:\/\/lamolineuvoise.fr\/blog\/wp-json\/wp\/v2\/media\/6061"}],"wp:attachment":[{"href":"https:\/\/lamolineuvoise.fr\/blog\/wp-json\/wp\/v2\/media?parent=6050"}],"wp:term":[{"taxonomy":"category","embeddable":true,"href":"https:\/\/lamolineuvoise.fr\/blog\/wp-json\/wp\/v2\/categories?post=6050"},{"taxonomy":"post_tag","embeddable":true,"href":"https:\/\/lamolineuvoise.fr\/blog\/wp-json\/wp\/v2\/tags?post=6050"}],"curies":[{"name":"wp","href":"https:\/\/api.w.org\/{rel}","templated":true}]}}